{"id":1552,"date":"2025-03-05T17:47:46","date_gmt":"2025-03-05T17:47:46","guid":{"rendered":"https:\/\/www.latablerondebelgium.be\/wp\/?p=1552"},"modified":"2025-03-25T11:34:15","modified_gmt":"2025-03-25T11:34:15","slug":"atelier-paroles-plumes-votre-histoire-au-coeur-du-cafe-solidaire-24-mars-2025-matin","status":"publish","type":"post","link":"https:\/\/www.latablerondebelgium.be\/wp\/atelier-paroles-plumes-votre-histoire-au-coeur-du-cafe-solidaire-24-mars-2025-matin\/","title":{"rendered":"Atelier plumes &amp; paroles : votre histoire au c\u0153ur du Caf\u00e9 Solidaire (24 mars 2025 matin)"},"content":{"rendered":"\n<p>Envie de laisser une trace, de partager un souvenir ou simplement de mettre des mots sur l&rsquo;aventure humaine que nous vivons ensemble ? Ren\u00e9e vous invite \u00e0 un atelier gratuit \u00ab\u00a0Parole &amp; Plume\u00a0\u00bb d\u00e9di\u00e9 \u00e0 la mise \u00e0 jour du Livre d&rsquo;Or du Caf\u00e9 Solidaire <\/p>\n\n\n\n<!--more-->\n\n\n\n<p><img loading=\"lazy\" decoding=\"async\" height=\"16\" width=\"16\" alt=\"\ud83d\udcc5\" src=\"https:\/\/static.xx.fbcdn.net\/images\/emoji.php\/v9\/t7e\/1\/16\/1f4c5.png\">&nbsp;Date : 24 Mars 2025<br><img loading=\"lazy\" decoding=\"async\" height=\"16\" width=\"16\" alt=\"\ud83d\udccd\" src=\"https:\/\/static.xx.fbcdn.net\/images\/emoji.php\/v9\/t2d\/1\/16\/1f4cd.png\">&nbsp;Lieu : Caf\u00e9 Solidaire (17, rue de la r\u00e9gence &#8211; 6000 Charleroi)<br><img loading=\"lazy\" decoding=\"async\" height=\"16\" width=\"16\" alt=\"\ud83d\udd52\" src=\"https:\/\/static.xx.fbcdn.net\/images\/emoji.php\/v9\/taa\/1\/16\/1f552.png\">&nbsp;Heure : de 10h15 \u00e0 12h45<\/p>\n\n\n\n<p>Que vous soyez un habitu\u00e9 du caf\u00e9 ou un nouveau venu, votre parole compte ! Venez \u00e9crire, dicter ou simplement \u00e9couter les mots qui tissent le fil de notre histoire commune. Moments d\u2019\u00e9motion, anecdotes dr\u00f4les ou messages d\u2019espoir : tout est bienvenu !<\/p>\n\n\n\n<p>Parce que chaque page du livre d\u2019or est une preuve que la solidarit\u00e9 et l\u2019entraide cr\u00e9ent du beau, on vous attend nombreux !&nbsp;<img loading=\"lazy\" decoding=\"async\" height=\"16\" width=\"16\" alt=\"\ud83d\udc9b\" src=\"https:\/\/static.xx.fbcdn.net\/images\/emoji.php\/v9\/t15\/1\/16\/1f49b.png\"><\/p>\n\n\n\n<p>Le caf\u00e9 solidaire est organis\u00e9 par l&rsquo;ASBL La Table Ronde avec le soutien Action Vivre Ensemble.<\/p>\n\n\n\n<p>Luttons tous ensemble contre l&rsquo;exclusion sociale!!<\/p>\n\n\n\n<p><img loading=\"lazy\" decoding=\"async\" height=\"16\" width=\"16\" alt=\"\u2615\" src=\"https:\/\/static.xx.fbcdn.net\/images\/emoji.php\/v9\/t91\/1\/16\/2615.png\"><img loading=\"lazy\" decoding=\"async\" height=\"16\" width=\"16\" alt=\"\u2712\ufe0f\" src=\"https:\/\/static.xx.fbcdn.net\/images\/emoji.php\/v9\/t4f\/1\/16\/2712.png\">&nbsp;Une tasse de caf\u00e9, une plume et une bonne dose de convivialit\u00e9 : que demander de plus ?<\/p>\n\n\n\n<p><\/p>\n","protected":false},"excerpt":{"rendered":"<p>Envie de laisser une trace, de partager un souvenir ou simplement de mettre des mots sur l&rsquo;aventure humaine que nous vivons ensemble ? Ren\u00e9e vous invite \u00e0 un atelier gratuit \u00ab\u00a0Parole &amp; Plume\u00a0\u00bb d\u00e9di\u00e9 \u00e0 la mise \u00e0 jour du Livre d&rsquo;Or du Caf\u00e9 Solidaire<\/p>\n","protected":false},"author":2,"featured_media":1553,"comment_status":"closed","ping_status":"closed","sticky":false,"template":"","format":"standard","meta":{"footnotes":""},"categories":[8],"tags":[],"class_list":["post-1552","post","type-post","status-publish","format-standard","has-post-thumbnail","hentry","category-ateliers-realises"],"_links":{"self":[{"href":"https:\/\/www.latablerondebelgium.be\/wp\/wp-json\/wp\/v2\/posts\/1552","targetHints":{"allow":["GET"]}}],"collection":[{"href":"https:\/\/www.latablerondebelgium.be\/wp\/wp-json\/wp\/v2\/posts"}],"about":[{"href":"https:\/\/www.latablerondebelgium.be\/wp\/wp-json\/wp\/v2\/types\/post"}],"author":[{"embeddable":true,"href":"https:\/\/www.latablerondebelgium.be\/wp\/wp-json\/wp\/v2\/users\/2"}],"replies":[{"embeddable":true,"href":"https:\/\/www.latablerondebelgium.be\/wp\/wp-json\/wp\/v2\/comments?post=1552"}],"version-history":[{"count":2,"href":"https:\/\/www.latablerondebelgium.be\/wp\/wp-json\/wp\/v2\/posts\/1552\/revisions"}],"predecessor-version":[{"id":1558,"href":"https:\/\/www.latablerondebelgium.be\/wp\/wp-json\/wp\/v2\/posts\/1552\/revisions\/1558"}],"wp:featuredmedia":[{"embeddable":true,"href":"https:\/\/www.latablerondebelgium.be\/wp\/wp-json\/wp\/v2\/media\/1553"}],"wp:attachment":[{"href":"https:\/\/www.latablerondebelgium.be\/wp\/wp-json\/wp\/v2\/media?parent=1552"}],"wp:term":[{"taxonomy":"category","embeddable":true,"href":"https:\/\/www.latablerondebelgium.be\/wp\/wp-json\/wp\/v2\/categories?post=1552"},{"taxonomy":"post_tag","embeddable":true,"href":"https:\/\/www.latablerondebelgium.be\/wp\/wp-json\/wp\/v2\/tags?post=1552"}],"curies":[{"name":"wp","href":"https:\/\/api.w.org\/{rel}","templated":true}]}}