{"id":1405,"date":"2025-01-15T01:05:37","date_gmt":"2025-01-15T01:05:37","guid":{"rendered":"https:\/\/www.latablerondebelgium.be\/wp\/?p=1405"},"modified":"2025-02-17T18:14:00","modified_gmt":"2025-02-17T18:14:00","slug":"atelier-lart-de-la-flamme-et-de-la-plume-vous-attend-au-cafe-solidaire-17-fevrier-2025-matin","status":"publish","type":"post","link":"https:\/\/www.latablerondebelgium.be\/wp\/atelier-lart-de-la-flamme-et-de-la-plume-vous-attend-au-cafe-solidaire-17-fevrier-2025-matin\/","title":{"rendered":"Atelier : L&rsquo;art de la flamme et de la plume vous attend au Caf\u00e9 Solidaire (17 f\u00e9vrier 2025 matin)"},"content":{"rendered":"\n<p>Le lundi 17 f\u00e9vrier, de 10h15 \u00e0 12h45, plongez dans un univers cr\u00e9atif unique avec notre atelier gratuit de pyrogravure et calligraphie anim\u00e9 par nos trois talentueuses artistes Jay, MarieJo et Myl\u00e8ne au caf\u00e9 solidaire situ\u00e9 au 31, Rue de Montigny \u00e0 Charleroi.<\/p>\n\n\n\n<!--more-->\n\n\n\n<p>Venez d\u00e9couvrir la magie de transformer le bois en chefs-d&rsquo;\u0153uvre et d&#8217;embellir le papier avec des lettres \u00e9l\u00e9gantes !&nbsp;<img loading=\"lazy\" decoding=\"async\" height=\"16\" width=\"16\" alt=\"\ud83c\udfa8\" src=\"https:\/\/static.xx.fbcdn.net\/images\/emoji.php\/v9\/t82\/1\/16\/1f3a8.png\"><img loading=\"lazy\" decoding=\"async\" height=\"16\" width=\"16\" alt=\"\ud83d\udd25\" src=\"https:\/\/static.xx.fbcdn.net\/images\/emoji.php\/v9\/t50\/1\/16\/1f525.png\"><\/p>\n\n\n\n<p>Sous la guidance experte de nos animatrices, apprenez \u00e0 manier le stylet chauffant et le pinceau calligraphique pour donner vie \u00e0 vos id\u00e9es. Que vous soyez novice ou artiste confirm\u00e9, cet atelier vous promet une exp\u00e9rience enrichissante et amusante.&nbsp;<img loading=\"lazy\" decoding=\"async\" height=\"16\" width=\"16\" alt=\"\u270d\ufe0f\" src=\"https:\/\/static.xx.fbcdn.net\/images\/emoji.php\/v9\/te2\/1\/16\/270d.png\"><img loading=\"lazy\" decoding=\"async\" height=\"16\" width=\"16\" alt=\"\u2728\" src=\"https:\/\/static.xx.fbcdn.net\/images\/emoji.php\/v9\/tf4\/1\/16\/2728.png\"><\/p>\n\n\n\n<p>Rejoignez-nous pour un moment de partage, de cr\u00e9ativit\u00e9 et de bonne humeur. Repartez avec vos cr\u00e9ations uniques et des souvenirs inoubliables !<\/p>\n\n\n\n<p>La Caf\u00e9 Solidaire est organis\u00e9 par l&rsquo;ASBL La Table Ronde Belgium avec le soutien de Action Vivre Ensemble.<\/p>\n\n\n\n<p>Nous avons h\u00e2te de vous accueillir au Caf\u00e9 Solidaire pour cet atelier artistique et chaleureux !<\/p>\n","protected":false},"excerpt":{"rendered":"<p>Le lundi 17 f\u00e9vrier, de 10h15 \u00e0 12h45, plongez dans un univers cr\u00e9atif unique avec notre atelier gratuit de pyrogravure et calligraphie anim\u00e9 par nos trois talentueuses artistes Jay, MarieJo et Myl\u00e8ne au caf\u00e9 solidaire situ\u00e9 au 31, Rue de Montigny \u00e0 Charleroi.<\/p>\n","protected":false},"author":2,"featured_media":1406,"comment_status":"closed","ping_status":"closed","sticky":false,"template":"","format":"standard","meta":{"footnotes":""},"categories":[8],"tags":[],"class_list":["post-1405","post","type-post","status-publish","format-standard","has-post-thumbnail","hentry","category-ateliers-realises"],"_links":{"self":[{"href":"https:\/\/www.latablerondebelgium.be\/wp\/wp-json\/wp\/v2\/posts\/1405","targetHints":{"allow":["GET"]}}],"collection":[{"href":"https:\/\/www.latablerondebelgium.be\/wp\/wp-json\/wp\/v2\/posts"}],"about":[{"href":"https:\/\/www.latablerondebelgium.be\/wp\/wp-json\/wp\/v2\/types\/post"}],"author":[{"embeddable":true,"href":"https:\/\/www.latablerondebelgium.be\/wp\/wp-json\/wp\/v2\/users\/2"}],"replies":[{"embeddable":true,"href":"https:\/\/www.latablerondebelgium.be\/wp\/wp-json\/wp\/v2\/comments?post=1405"}],"version-history":[{"count":2,"href":"https:\/\/www.latablerondebelgium.be\/wp\/wp-json\/wp\/v2\/posts\/1405\/revisions"}],"predecessor-version":[{"id":1408,"href":"https:\/\/www.latablerondebelgium.be\/wp\/wp-json\/wp\/v2\/posts\/1405\/revisions\/1408"}],"wp:featuredmedia":[{"embeddable":true,"href":"https:\/\/www.latablerondebelgium.be\/wp\/wp-json\/wp\/v2\/media\/1406"}],"wp:attachment":[{"href":"https:\/\/www.latablerondebelgium.be\/wp\/wp-json\/wp\/v2\/media?parent=1405"}],"wp:term":[{"taxonomy":"category","embeddable":true,"href":"https:\/\/www.latablerondebelgium.be\/wp\/wp-json\/wp\/v2\/categories?post=1405"},{"taxonomy":"post_tag","embeddable":true,"href":"https:\/\/www.latablerondebelgium.be\/wp\/wp-json\/wp\/v2\/tags?post=1405"}],"curies":[{"name":"wp","href":"https:\/\/api.w.org\/{rel}","templated":true}]}}